{"id":45199,"global_id":"www.viva-lanzarote.com\/en\/?id=45199","global_id_lineage":["www.viva-lanzarote.com\/en\/?id=45199"],"author":"3","status":"publish","date":"2026-09-03 17:29:00","date_utc":"2026-09-03 16:29:00","modified":"2026-09-03 17:29:00","modified_utc":"2026-09-03 16:29:00","url":"https:\/\/www.viva-lanzarote.com\/en\/evento\/will-encarnacion-y-nira-cabrera\/","rest_url":"https:\/\/www.viva-lanzarote.com\/en\/wp-json\/tribe\/events\/v1\/events\/45199","title":"Will Encarnaci\u00f3n y Nira Cabrera","description":"<h3>Cultural meeting in a conversation format between Will Encarnaci\u00f3n and Nira Cabrera, held at the CIC El Almac\u00e9n spaces in Arrecife.<\/h3>","excerpt":"","slug":"will-encarnacion-y-nira-cabrera","image":{"url":"https:\/\/www.viva-lanzarote.com\/wp-content\/uploads\/2026\/09\/charlas-will-encarnacion.webp","id":45197,"extension":"webp","width":1920,"height":1031,"filesize":13366,"sizes":{"medium":{"width":300,"height":161,"mime-type":"image\/webp","filesize":2156,"url":"https:\/\/www.viva-lanzarote.com\/wp-content\/uploads\/2026\/09\/charlas-will-encarnacion-300x161.webp"},"large":{"width":1024,"height":550,"mime-type":"image\/webp","filesize":9962,"url":"https:\/\/www.viva-lanzarote.com\/wp-content\/uploads\/2026\/09\/charlas-will-encarnacion-1024x550.webp"},"thumbnail":{"width":150,"height":150,"mime-type":"image\/webp","filesize":1658,"url":"https:\/\/www.viva-lanzarote.com\/wp-content\/uploads\/2026\/09\/charlas-will-encarnacion-150x150.webp"},"medium_large":{"width":768,"height":412,"mime-type":"image\/webp","filesize":6852,"url":"https:\/\/www.viva-lanzarote.com\/wp-content\/uploads\/2026\/09\/charlas-will-encarnacion-768x412.webp"},"1536x1536":{"width":1536,"height":825,"mime-type":"image\/webp","filesize":16102,"url":"https:\/\/www.viva-lanzarote.com\/wp-content\/uploads\/2026\/09\/charlas-will-encarnacion-1536x825.webp"},"td_150x0":{"width":150,"height":81,"mime-type":"image\/webp","filesize":994,"url":"https:\/\/www.viva-lanzarote.com\/wp-content\/uploads\/2026\/09\/charlas-will-encarnacion-150x81.webp"},"td_218x150":{"width":218,"height":150,"mime-type":"image\/webp","filesize":1822,"url":"https:\/\/www.viva-lanzarote.com\/wp-content\/uploads\/2026\/09\/charlas-will-encarnacion-218x150.webp"},"td_300x0":{"width":300,"height":161,"mime-type":"image\/webp","filesize":2168,"url":"https:\/\/www.viva-lanzarote.com\/wp-content\/uploads\/2026\/09\/charlas-will-encarnacion-300x161.webp"},"td_324x400":{"width":324,"height":400,"mime-type":"image\/webp","filesize":5384,"url":"https:\/\/www.viva-lanzarote.com\/wp-content\/uploads\/2026\/09\/charlas-will-encarnacion-324x400.webp"},"td_485x360":{"width":485,"height":360,"mime-type":"image\/webp","filesize":5166,"url":"https:\/\/www.viva-lanzarote.com\/wp-content\/uploads\/2026\/09\/charlas-will-encarnacion-485x360.webp"},"td_696x0":{"width":696,"height":374,"mime-type":"image\/webp","filesize":6132,"url":"https:\/\/www.viva-lanzarote.com\/wp-content\/uploads\/2026\/09\/charlas-will-encarnacion-696x374.webp"},"td_1068x0":{"width":1068,"height":573,"mime-type":"image\/webp","filesize":10482,"url":"https:\/\/www.viva-lanzarote.com\/wp-content\/uploads\/2026\/09\/charlas-will-encarnacion-1068x573.webp"},"cmplz_banner_image":{"width":350,"height":100,"mime-type":"image\/webp","filesize":1500,"url":"https:\/\/www.viva-lanzarote.com\/wp-content\/uploads\/2026\/09\/charlas-will-encarnacion-350x100.webp"}}},"all_day":false,"start_date":"2026-09-22 19:00:00","start_date_details":{"year":"2026","month":"09","day":"22","hour":"19","minutes":"00","seconds":"00"},"end_date":"2026-09-22 19:00:00","end_date_details":{"year":"2026","month":"09","day":"22","hour":"19","minutes":"00","seconds":"00"},"utc_start_date":"2026-09-22 18:00:00","utc_start_date_details":{"year":"2026","month":"09","day":"22","hour":"18","minutes":"00","seconds":"00"},"utc_end_date":"2026-09-22 18:00:00","utc_end_date_details":{"year":"2026","month":"09","day":"22","hour":"18","minutes":"00","seconds":"00"},"timezone":"Atlantic\/Canary","timezone_abbr":"WEST","cost":"","cost_details":{"currency_symbol":"\u20ac","currency_code":"","currency_position":"","values":[]},"website":"https:\/\/www.viva-lanzarote.com\/en\/evento\/will-encarnacion-y-nira-cabrera\/","show_map":true,"show_map_link":true,"hide_from_listings":false,"sticky":false,"featured":false,"categories":[{"name":"Chat","slug":"chat","term_group":0,"term_taxonomy_id":243,"taxonomy":"tribe_events_cat","description":"","parent":0,"count":33,"filter":"raw","id":243,"urls":{"self":"https:\/\/www.viva-lanzarote.com\/en\/wp-json\/tribe\/events\/v1\/categories\/243","collection":"https:\/\/www.viva-lanzarote.com\/en\/wp-json\/tribe\/events\/v1\/categories"}}],"tags":[],"venue":{"id":1590,"author":"2","status":"publish","date":"2022-05-20 14:03:44","date_utc":"2022-05-20 13:03:44","modified":"2022-06-16 14:50:00","modified_utc":"2022-06-16 13:50:00","url":"https:\/\/www.viva-lanzarote.com\/en\/venue\/cic-el-almacen\/","venue":"CIC El Almac\u00e9n","slug":"cic-el-almacen","address":"Jos\u00e9 Betancort, 33","city":"Arrecife","country":"Espa\u00f1a","province":"Las Palmas","zip":"35500","phone":"928831507","stateprovince":"Las Palmas","json_ld":{"@type":"Place","name":"CIC El Almac\u00e9n","description":"","url":"https:\/\/www.viva-lanzarote.com\/en\/venue\/cic-el-almacen\/","address":{"@type":"PostalAddress","streetAddress":"Jos\u00e9 Betancort, 33","addressLocality":"Arrecife","addressRegion":"Las Palmas","postalCode":"35500","addressCountry":"Espa\u00f1a"},"telephone":"928831507","sameAs":""},"show_map":true,"show_map_link":true,"global_id":"www.viva-lanzarote.com\/en\/?id=1590","global_id_lineage":["www.viva-lanzarote.com\/en\/?id=1590"]},"organizer":[],"custom_fields":[],"json_ld":{"@context":"http:\/\/schema.org","@type":"Event","name":"Will Encarnaci\u00f3n y Nira Cabrera","description":"&lt;p&gt;Cultural meeting in a conversation format between Will Encarnaci\u00f3n and Nira Cabrera, held at the CIC El Almac\u00e9n spaces in Arrecife.&lt;\/p&gt;\\n","image":"https:\/\/www.viva-lanzarote.com\/wp-content\/uploads\/2026\/09\/charlas-will-encarnacion.webp","url":"https:\/\/www.viva-lanzarote.com\/en\/evento\/will-encarnacion-y-nira-cabrera\/","eventAttendanceMode":"https:\/\/schema.org\/OfflineEventAttendanceMode","eventStatus":"https:\/\/schema.org\/EventScheduled","startDate":"2026-09-22T19:00:00+01:00","endDate":"2026-09-22T19:00:00+01:00","location":{"@type":"Place","name":"CIC El Almac\u00e9n","description":"","url":"https:\/\/www.viva-lanzarote.com\/en\/venue\/cic-el-almacen\/","address":{"@type":"PostalAddress","streetAddress":"Jos\u00e9 Betancort, 33","addressLocality":"Arrecife","addressRegion":"Las Palmas","postalCode":"35500","addressCountry":"Espa\u00f1a"},"telephone":"928831507","sameAs":""},"performer":"Organization"},"is_virtual":false,"virtual_url":null,"virtual_video_source":""}