{"id":44992,"global_id":"www.viva-lanzarote.com\/en\/?id=44992","global_id_lineage":["www.viva-lanzarote.com\/en\/?id=44992"],"author":"3","status":"publish","date":"2026-09-03 12:20:06","date_utc":"2026-09-03 11:20:06","modified":"2026-09-03 12:21:52","modified_utc":"2026-09-03 11:21:52","url":"https:\/\/www.viva-lanzarote.com\/en\/evento\/la-verbena-de-la-paloma\/","rest_url":"https:\/\/www.viva-lanzarote.com\/en\/wp-json\/tribe\/events\/v1\/events\/44992","title":"La verbena de la paloma","description":"<h3>Performance of the famous zarzuela &#8220;La verbena de la paloma&#8221; at the Teatro Municipal de T\u00edas, presented by the Compa\u00f1\u00eda de Zarzuela del Atl\u00e1ntico as part of the Lanzarote Opera Festival.<\/h3>","excerpt":"","slug":"la-verbena-de-la-paloma","image":{"url":"https:\/\/www.viva-lanzarote.com\/wp-content\/uploads\/2026\/09\/musica-la-verbena-de-la-paloma.webp","id":44990,"extension":"webp","width":1536,"height":1920,"filesize":96284,"sizes":{"medium":{"width":240,"height":300,"mime-type":"image\/webp","filesize":18158,"url":"https:\/\/www.viva-lanzarote.com\/wp-content\/uploads\/2026\/09\/musica-la-verbena-de-la-paloma-240x300.webp"},"large":{"width":819,"height":1024,"mime-type":"image\/webp","filesize":90904,"url":"https:\/\/www.viva-lanzarote.com\/wp-content\/uploads\/2026\/09\/musica-la-verbena-de-la-paloma-819x1024.webp"},"thumbnail":{"width":150,"height":150,"mime-type":"image\/webp","filesize":7564,"url":"https:\/\/www.viva-lanzarote.com\/wp-content\/uploads\/2026\/09\/musica-la-verbena-de-la-paloma-150x150.webp"},"medium_large":{"width":768,"height":960,"mime-type":"image\/webp","filesize":87836,"url":"https:\/\/www.viva-lanzarote.com\/wp-content\/uploads\/2026\/09\/musica-la-verbena-de-la-paloma-768x960.webp"},"1536x1536":{"width":1229,"height":1536,"mime-type":"image\/webp","filesize":137350,"url":"https:\/\/www.viva-lanzarote.com\/wp-content\/uploads\/2026\/09\/musica-la-verbena-de-la-paloma-1229x1536.webp"},"td_150x0":{"width":150,"height":188,"mime-type":"image\/webp","filesize":8950,"url":"https:\/\/www.viva-lanzarote.com\/wp-content\/uploads\/2026\/09\/musica-la-verbena-de-la-paloma-150x188.webp"},"td_218x150":{"width":218,"height":150,"mime-type":"image\/webp","filesize":7842,"url":"https:\/\/www.viva-lanzarote.com\/wp-content\/uploads\/2026\/09\/musica-la-verbena-de-la-paloma-218x150.webp"},"td_300x0":{"width":300,"height":375,"mime-type":"image\/webp","filesize":24988,"url":"https:\/\/www.viva-lanzarote.com\/wp-content\/uploads\/2026\/09\/musica-la-verbena-de-la-paloma-300x375.webp"},"td_324x400":{"width":324,"height":400,"mime-type":"image\/webp","filesize":27868,"url":"https:\/\/www.viva-lanzarote.com\/wp-content\/uploads\/2026\/09\/musica-la-verbena-de-la-paloma-324x400.webp"},"td_485x360":{"width":485,"height":360,"mime-type":"image\/webp","filesize":26702,"url":"https:\/\/www.viva-lanzarote.com\/wp-content\/uploads\/2026\/09\/musica-la-verbena-de-la-paloma-485x360.webp"},"td_696x0":{"width":696,"height":870,"mime-type":"image\/webp","filesize":76294,"url":"https:\/\/www.viva-lanzarote.com\/wp-content\/uploads\/2026\/09\/musica-la-verbena-de-la-paloma-696x870.webp"},"td_1068x0":{"width":1068,"height":1335,"mime-type":"image\/webp","filesize":121218,"url":"https:\/\/www.viva-lanzarote.com\/wp-content\/uploads\/2026\/09\/musica-la-verbena-de-la-paloma-1068x1335.webp"},"cmplz_banner_image":{"width":350,"height":100,"mime-type":"image\/webp","filesize":7802,"url":"https:\/\/www.viva-lanzarote.com\/wp-content\/uploads\/2026\/09\/musica-la-verbena-de-la-paloma-350x100.webp"}}},"all_day":false,"start_date":"2026-09-19 20:00:00","start_date_details":{"year":"2026","month":"09","day":"19","hour":"20","minutes":"00","seconds":"00"},"end_date":"2026-09-19 20:00:00","end_date_details":{"year":"2026","month":"09","day":"19","hour":"20","minutes":"00","seconds":"00"},"utc_start_date":"2026-09-19 19:00:00","utc_start_date_details":{"year":"2026","month":"09","day":"19","hour":"19","minutes":"00","seconds":"00"},"utc_end_date":"2026-09-19 19:00:00","utc_end_date_details":{"year":"2026","month":"09","day":"19","hour":"19","minutes":"00","seconds":"00"},"timezone":"Atlantic\/Canary","timezone_abbr":"WEST","cost":"15\u20ac","cost_details":{"currency_symbol":"\u20ac","currency_code":"","currency_position":"","values":["15"]},"website":"https:\/\/www.ecoentradas.com\/elegirsesion\/3358","show_map":true,"show_map_link":true,"hide_from_listings":false,"sticky":true,"featured":false,"categories":[{"name":"Music","slug":"music","term_group":0,"term_taxonomy_id":185,"taxonomy":"tribe_events_cat","description":"","parent":0,"count":56,"filter":"raw","id":185,"urls":{"self":"https:\/\/www.viva-lanzarote.com\/en\/wp-json\/tribe\/events\/v1\/categories\/185","collection":"https:\/\/www.viva-lanzarote.com\/en\/wp-json\/tribe\/events\/v1\/categories"}}],"tags":[],"venue":{"id":9514,"author":"3","status":"publish","date":"2022-09-14 09:33:54","date_utc":"2022-09-14 08:33:54","modified":"2022-09-14 09:33:54","modified_utc":"2022-09-14 08:33:54","url":"https:\/\/www.viva-lanzarote.com\/en\/venue\/teatro-municipal-de-tias\/","venue":"Teatro Municipal de Tias","slug":"teatro-municipal-de-tias","address":"C. San Antonio, 4","city":"T\u00edas","country":"Espa\u00f1a","province":"Las Palmas","zip":"35572","stateprovince":"Las Palmas","json_ld":{"@type":"Place","name":"Teatro Municipal de Tias","description":"","url":"https:\/\/www.viva-lanzarote.com\/en\/venue\/teatro-municipal-de-tias\/","address":{"@type":"PostalAddress","streetAddress":"C. San Antonio, 4","addressLocality":"T\u00edas","addressRegion":"Las Palmas","postalCode":"35572","addressCountry":"Espa\u00f1a"},"telephone":"","sameAs":""},"show_map":true,"show_map_link":true,"global_id":"www.viva-lanzarote.com\/en\/?id=9514","global_id_lineage":["www.viva-lanzarote.com\/en\/?id=9514"]},"organizer":[],"custom_fields":[],"json_ld":{"@context":"http:\/\/schema.org","@type":"Event","name":"La verbena de la paloma","description":"&lt;p&gt;Performance of the famous zarzuela &quot;La verbena de la paloma&quot; at the Teatro Municipal de T\u00edas, presented by the Compa\u00f1\u00eda de Zarzuela del Atl\u00e1ntico as part of the Lanzarote Opera [&hellip;]&lt;\/p&gt;\\n","image":"https:\/\/www.viva-lanzarote.com\/wp-content\/uploads\/2026\/09\/musica-la-verbena-de-la-paloma.webp","url":"https:\/\/www.viva-lanzarote.com\/en\/evento\/la-verbena-de-la-paloma\/","eventAttendanceMode":"https:\/\/schema.org\/OfflineEventAttendanceMode","eventStatus":"https:\/\/schema.org\/EventScheduled","startDate":"2026-09-19T20:00:00+01:00","endDate":"2026-09-19T20:00:00+01:00","location":{"@type":"Place","name":"Teatro Municipal de Tias","description":"","url":"https:\/\/www.viva-lanzarote.com\/en\/venue\/teatro-municipal-de-tias\/","address":{"@type":"PostalAddress","streetAddress":"C. San Antonio, 4","addressLocality":"T\u00edas","addressRegion":"Las Palmas","postalCode":"35572","addressCountry":"Espa\u00f1a"},"telephone":"","sameAs":""},"offers":{"@type":"Offer","price":"15","priceCurrency":"EUR","url":"https:\/\/www.viva-lanzarote.com\/en\/evento\/la-verbena-de-la-paloma\/","category":"primary","availability":"inStock","validFrom":"2026-09-03T00:00:00+00:00"},"performer":"Organization"},"is_virtual":false,"virtual_url":null,"virtual_video_source":""}