{"id":10018604,"global_id":"www.viva-lanzarote.com\/en\/?id=10018604","global_id_lineage":["www.viva-lanzarote.com\/en\/?id=10018604"],"author":"3","status":"publish","date":"2026-09-03 17:54:44","date_utc":"2026-09-03 16:54:44","modified":"2026-09-03 17:54:44","modified_utc":"2026-09-03 16:54:44","url":"https:\/\/www.viva-lanzarote.com\/en\/evento\/una-habitacion-propia\/2026-10-27\/","rest_url":"https:\/\/www.viva-lanzarote.com\/en\/wp-json\/tribe\/events\/v1\/events\/10018604","title":"Una habitaci\u00f3n propia","description":"<h3>3rd Lecture Series at CIC El Almac\u00e9n (Arrecife) focused on exploring the vision, footprint, and legacy of untold female narratives.<\/h3>","excerpt":"","slug":"una-habitacion-propia","image":{"url":"https:\/\/www.viva-lanzarote.com\/wp-content\/uploads\/2026\/09\/charlas-una-habitacion-propia-1.webp","id":45219,"extension":"webp","width":1920,"height":1031,"filesize":93026,"sizes":{"medium":{"width":300,"height":161,"mime-type":"image\/webp","filesize":14986,"url":"https:\/\/www.viva-lanzarote.com\/wp-content\/uploads\/2026\/09\/charlas-una-habitacion-propia-1-300x161.webp"},"large":{"width":1024,"height":550,"mime-type":"image\/webp","filesize":82734,"url":"https:\/\/www.viva-lanzarote.com\/wp-content\/uploads\/2026\/09\/charlas-una-habitacion-propia-1-1024x550.webp"},"thumbnail":{"width":150,"height":150,"mime-type":"image\/webp","filesize":8050,"url":"https:\/\/www.viva-lanzarote.com\/wp-content\/uploads\/2026\/09\/charlas-una-habitacion-propia-1-150x150.webp"},"medium_large":{"width":768,"height":412,"mime-type":"image\/webp","filesize":58356,"url":"https:\/\/www.viva-lanzarote.com\/wp-content\/uploads\/2026\/09\/charlas-una-habitacion-propia-1-768x412.webp"},"1536x1536":{"width":1536,"height":825,"mime-type":"image\/webp","filesize":128192,"url":"https:\/\/www.viva-lanzarote.com\/wp-content\/uploads\/2026\/09\/charlas-una-habitacion-propia-1-1536x825.webp"},"td_150x0":{"width":150,"height":81,"mime-type":"image\/webp","filesize":4810,"url":"https:\/\/www.viva-lanzarote.com\/wp-content\/uploads\/2026\/09\/charlas-una-habitacion-propia-1-150x81.webp"},"td_218x150":{"width":218,"height":150,"mime-type":"image\/webp","filesize":10530,"url":"https:\/\/www.viva-lanzarote.com\/wp-content\/uploads\/2026\/09\/charlas-una-habitacion-propia-1-218x150.webp"},"td_300x0":{"width":300,"height":161,"mime-type":"image\/webp","filesize":14850,"url":"https:\/\/www.viva-lanzarote.com\/wp-content\/uploads\/2026\/09\/charlas-una-habitacion-propia-1-300x161.webp"},"td_324x400":{"width":324,"height":400,"mime-type":"image\/webp","filesize":25572,"url":"https:\/\/www.viva-lanzarote.com\/wp-content\/uploads\/2026\/09\/charlas-una-habitacion-propia-1-324x400.webp"},"td_485x360":{"width":485,"height":360,"mime-type":"image\/webp","filesize":36230,"url":"https:\/\/www.viva-lanzarote.com\/wp-content\/uploads\/2026\/09\/charlas-una-habitacion-propia-1-485x360.webp"},"td_696x0":{"width":696,"height":374,"mime-type":"image\/webp","filesize":52276,"url":"https:\/\/www.viva-lanzarote.com\/wp-content\/uploads\/2026\/09\/charlas-una-habitacion-propia-1-696x374.webp"},"td_1068x0":{"width":1068,"height":573,"mime-type":"image\/webp","filesize":86402,"url":"https:\/\/www.viva-lanzarote.com\/wp-content\/uploads\/2026\/09\/charlas-una-habitacion-propia-1-1068x573.webp"},"cmplz_banner_image":{"width":350,"height":100,"mime-type":"image\/webp","filesize":11594,"url":"https:\/\/www.viva-lanzarote.com\/wp-content\/uploads\/2026\/09\/charlas-una-habitacion-propia-1-350x100.webp"}}},"all_day":true,"start_date":"2026-10-27 00:00:00","start_date_details":{"year":"2026","month":"10","day":"27","hour":"00","minutes":"00","seconds":"00"},"end_date":"2026-10-27 00:00:00","end_date_details":{"year":"2026","month":"10","day":"27","hour":"00","minutes":"00","seconds":"00"},"utc_start_date":"2026-10-27 00:00:00","utc_start_date_details":{"year":"2026","month":"10","day":"27","hour":"00","minutes":"00","seconds":"00"},"utc_end_date":"2026-10-27 00:00:00","utc_end_date_details":{"year":"2026","month":"10","day":"27","hour":"00","minutes":"00","seconds":"00"},"timezone":"Atlantic\/Canary","timezone_abbr":"WEST","cost":"","cost_details":{"currency_symbol":"\u20ac","currency_code":"","currency_position":"","values":[]},"website":"https:\/\/www.viva-lanzarote.com\/en\/evento\/una-habitacion-propia\/2026-10-27\/","show_map":true,"show_map_link":true,"hide_from_listings":false,"sticky":false,"featured":false,"categories":[{"name":"Chat","slug":"chat","term_group":0,"term_taxonomy_id":243,"taxonomy":"tribe_events_cat","description":"","parent":0,"count":33,"filter":"raw","id":243,"urls":{"self":"https:\/\/www.viva-lanzarote.com\/en\/wp-json\/tribe\/events\/v1\/categories\/243","collection":"https:\/\/www.viva-lanzarote.com\/en\/wp-json\/tribe\/events\/v1\/categories"}}],"tags":[],"venue":{"id":1590,"author":"2","status":"publish","date":"2022-05-20 14:03:44","date_utc":"2022-05-20 13:03:44","modified":"2022-06-16 14:50:00","modified_utc":"2022-06-16 13:50:00","url":"https:\/\/www.viva-lanzarote.com\/en\/venue\/cic-el-almacen\/","venue":"CIC El Almac\u00e9n","slug":"cic-el-almacen","address":"Jos\u00e9 Betancort, 33","city":"Arrecife","country":"Espa\u00f1a","province":"Las Palmas","zip":"35500","phone":"928831507","stateprovince":"Las Palmas","json_ld":{"@type":"Place","name":"CIC El Almac\u00e9n","description":"","url":"https:\/\/www.viva-lanzarote.com\/en\/venue\/cic-el-almacen\/","address":{"@type":"PostalAddress","streetAddress":"Jos\u00e9 Betancort, 33","addressLocality":"Arrecife","addressRegion":"Las Palmas","postalCode":"35500","addressCountry":"Espa\u00f1a"},"telephone":"928831507","sameAs":""},"show_map":true,"show_map_link":true,"global_id":"www.viva-lanzarote.com\/en\/?id=1590","global_id_lineage":["www.viva-lanzarote.com\/en\/?id=1590"]},"organizer":[],"custom_fields":[],"json_ld":{"@context":"http:\/\/schema.org","@type":"Event","name":"Una habitaci\u00f3n propia","description":"&lt;p&gt;3rd Lecture Series at CIC El Almac\u00e9n (Arrecife) focused on exploring the vision, footprint, and legacy of untold female narratives.&lt;\/p&gt;\\n","image":"https:\/\/www.viva-lanzarote.com\/wp-content\/uploads\/2026\/09\/charlas-una-habitacion-propia-1.webp","url":"https:\/\/www.viva-lanzarote.com\/en\/evento\/una-habitacion-propia\/2026-10-27\/","eventAttendanceMode":"https:\/\/schema.org\/OfflineEventAttendanceMode","eventStatus":"https:\/\/schema.org\/EventScheduled","startDate":"2026-10-27T00:00:00+00:00","endDate":"2026-10-27T00:00:00+00:00","location":{"@type":"Place","name":"CIC El Almac\u00e9n","description":"","url":"https:\/\/www.viva-lanzarote.com\/en\/venue\/cic-el-almacen\/","address":{"@type":"PostalAddress","streetAddress":"Jos\u00e9 Betancort, 33","addressLocality":"Arrecife","addressRegion":"Las Palmas","postalCode":"35500","addressCountry":"Espa\u00f1a"},"telephone":"928831507","sameAs":""},"performer":"Organization"},"is_virtual":false,"virtual_url":null,"virtual_video_source":""}